{"provider_url": "https://www.lapa.pr.leg.br", "title": "SETEMBRO AMARELO: \"Agir salva vidas\u201d", "html": "<p style=\"text-align: justify; \"><img src=\"https://www.lapa.pr.leg.br/imagens/R.png/@@images/2353ee66-d741-48e4-a4c9-d2846771bfe6.png\" alt=\"\" class=\"image-right\" title=\"\" />O Setembro Amarelo \u00e9 uma campanha que ocorre durante todo o m\u00eas e tem como objetivo a preven\u00e7\u00e3o do suic\u00eddio. No Brasil, ela \u00e9 uma iniciativa do Centro de Valoriza\u00e7\u00e3o da Vida (CVV) e da Associa\u00e7\u00e3o Brasileira de Psiquiatria (ABP).<br /><span>O tema da campanha deste ano \u00e9 \"Agir salva vidas\". A campanha busca conscientizar a popula\u00e7\u00e3o sobre a import\u00e2ncia de falar abertamente sobre o tema do suic\u00eddio e destacar que falar \u00e9 a melhor solu\u00e7\u00e3o.<br /></span><span>O Minist\u00e9rio da Sa\u00fade tamb\u00e9m realiza a\u00e7\u00f5es de comunica\u00e7\u00e3o para a popula\u00e7\u00e3o, profissionais de sa\u00fade e gestores locais durante o m\u00eas de setembro, intensificando os esfor\u00e7os para prevenir o suic\u00eddio.<br /></span><span>\u00c9 importante lembrar que o suic\u00eddio \u00e9 um assunto delicado e complexo. Se voc\u00ea ou algu\u00e9m que voc\u00ea conhece est\u00e1 passando por dificuldades emocionais ou pensando em suic\u00eddio, procure ajuda profissional. O CVV oferece apoio emocional e preven\u00e7\u00e3o do suic\u00eddio por meio do telefone 188.</span></p>", "author_name": "", "version": "1.0", "author_url": "https://www.lapa.pr.leg.br/author/adm", "provider_name": "C\u00e2mara Municipal da Lapa", "type": "rich"}