{"provider_url": "https://www.lapa.pr.leg.br", "title": "Maio Amarelo 2024", "html": "<p style=\"text-align: center; \"><img src=\"https://www.lapa.pr.leg.br/imagens/Maioamarelo2024.png/@@images/cf531fa8-71e2-4a59-9e29-110fdf957608.png\" alt=\"\" class=\"image-inline\" title=\"\" /></p>\r\n<p style=\"text-align: justify; \">Paz no tr\u00e2nsito come\u00e7a por voc\u00ea \u00e9 o tema da Campanha Maio Amarelo 2024. A mensagem repercutida remete \u00e0 responsabilidade tanto de usu\u00e1rios quanto de gestores para garantir um tr\u00e2nsito mais seguro para todos os cidad\u00e3os.<br /><span>O Maio Amarelo \u00e9 um movimento criado com a finalidade de chamar a aten\u00e7\u00e3o da sociedade para o alto \u00edndice de mortos e feridos no tr\u00e2nsito de todo o mundo. No Brasil, as campanhas do Maio Amarelo iniciaram em 2014 e unem o poder p\u00fablico, a iniciativa privada e a sociedade civil no prop\u00f3sito de discutir e criar estrat\u00e9gias voltadas \u00e0 seguran\u00e7a vi\u00e1ria e a constru\u00e7\u00e3o de vias e espa\u00e7os mais seguros e ambientalmente sustent\u00e1veis.<br /></span><span>O envolvimento destes v\u00e1rios segmentos da sociedade, refletem na efetividade das campanhas, pois promovem a\u00e7\u00f5es coordenadas entre os participantes, evidenciando a import\u00e2ncia do tema da seguran\u00e7a no tr\u00e2nsito e ampliando as a\u00e7\u00f5es e propaga\u00e7\u00e3o de campanhas educativas.</span></p>\r\n<p style=\"text-align: justify; \">\u00a0<span>\u00a0</span></p>\r\n<h3>Porque existe a Campanha</h3>\r\n<p style=\"text-align: justify; \">O Maio Amarelo \u00e9 um movimento internacional de conscientiza\u00e7\u00e3o para a redu\u00e7\u00e3o de mortos e feridos no tr\u00e2nsito criado pelo Observat\u00f3rio Nacional de Seguran\u00e7a Vi\u00e1ria ap\u00f3s a primeira D\u00e9cada de A\u00e7\u00e3o para Seguran\u00e7a no Tr\u00e2nsito, estipulada em maio de 2011 pela Assembleia Geral das Na\u00e7\u00f5es Unidas (ONU).<br /><span>A partir da\u00ed, o movimento nasceu com a proposta de chamar a aten\u00e7\u00e3o da sociedade para o alto \u00edndice de mortes e feridos no tr\u00e2nsito em todo o mundo, principalmente, no Brasil.<br /></span><span>Por isso, durante todo o m\u00eas de maio, s\u00e3o realizadas a\u00e7\u00f5es e atividades com o objetivo de colocar em pauta o tema da seguran\u00e7a vi\u00e1ria e mobilizar toda a sociedade, envolvendo \u00f3rg\u00e3os de governos, empresas, entidades de classe, associa\u00e7\u00f5es, federa\u00e7\u00f5es e sociedade civil organizada.<br /></span><span>Essas a\u00e7\u00f5es tamb\u00e9m t\u00eam o objetivo de orientar os motoristas, ciclistas, pedestres, passageiros do transporte p\u00fablico e todos os demais usu\u00e1rios das vias, sobre a import\u00e2ncia de respeitar as leis de tr\u00e2nsito e adotar medidas de seguran\u00e7a e empatia com as demais pessoas.</span></p>", "author_name": "", "version": "1.0", "author_url": "https://www.lapa.pr.leg.br/author/adm", "provider_name": "C\u00e2mara Municipal da Lapa", "type": "rich"}