{"provider_url": "https://www.lapa.pr.leg.br", "title": "Audi\u00eancia p\u00fablica para presta\u00e7\u00e3o de contas", "html": "<p style=\"text-align: justify; \">A C\u00e2mara Municipal da Lapa convida todos a comparecerem e acompanharem na quarta-feira (22/02) \u00e0s 10h00, a Audi\u00eancia P\u00fablica de Presta\u00e7\u00e3o de Contas referente ao 3\u00ba Quadrimestre do ano de 2016, conforme determina a Lei Complementar 101/00 \u2013 Lei de Responsabilidade Fiscal.<br />A audi\u00eancia p\u00fablica \u00e9 o principal mecanismo para garantir a transpar\u00eancia dos atos do poder p\u00fablico e onde s\u00e3o apresentadas \u00e0 popula\u00e7\u00e3o todas as receitas e despesas da administra\u00e7\u00e3o municipal.</p>", "author_name": "Anderson", "version": "1.0", "author_url": "https://www.lapa.pr.leg.br/author/Anderson", "provider_name": "C\u00e2mara Municipal da Lapa", "type": "rich"}