{"provider_url": "https://www.lapa.pr.leg.br", "title": "255 anos da Lapa", "html": "<p style=\"text-align: justify; \"><span><img src=\"https://www.lapa.pr.leg.br/imagens/Cartazfesta2.jpg/@@images/4a2be6b4-e1bd-4e15-bd12-216001099337.jpeg\" alt=\"\" class=\"image-right\" title=\"\" />A Prefeitura da Lapa divulgou nesta semana a programa\u00e7\u00e3o festiva em comemora\u00e7\u00e3o aos 255 anos da Lapa. A realiza\u00e7\u00e3o \u00e9 em parceira com A Par\u00f3quia de Santo Ant\u00f4nio e tem patrocino da Potencial Biodiesel e do Sicredi. A festa acontece entre os dias de 13 a 16 de junho.<br /></span><span>Artistas de renome nacional e talentos locais v\u00e3o compartilhar a mesma estrutura de palco, som e ilumina\u00e7\u00e3o. A programa\u00e7\u00e3o de shows foi definida para agradar a todos os gostos. Sertanejo, pagode, ga\u00facho, rock e nativista s\u00e3o estilos musicais presentes na festa.<br /></span><span>Para a crian\u00e7ada, o evento ter\u00e1 apresenta\u00e7\u00f5es de her\u00f3is, princesas, Mickey e sua turma, al\u00e9m da Wandinha e da Barbie.</span></p>\r\n<h3 style=\"text-align: justify; \">Pra\u00e7a de Alimenta\u00e7\u00e3o</h3>\r\n<p style=\"text-align: justify; \">A comercializa\u00e7\u00e3o de produtos no per\u00edmetro da festa ser\u00e1 realizada pelo voluntariado cat\u00f3lico e comerciantes estabelecidos na cidade. A medida visa fomentar a economia local e valorizar nossos empreendedores. Este ano, as regras para a participa\u00e7\u00e3o foram estabelecidas pelo Edital de Credenciamento.</p>\r\n<h2 style=\"text-align: justify; \">PROGRAMA\u00c7\u00c3O</h2>\r\n<h3 style=\"text-align: justify; \">Parque dos Dinossauros</h3>\r\n<p style=\"text-align: justify; \">Assim como em 2022, novamente o Parque dos Dinossauros do artista Jonas Correa retorna \u00e0 Lapa. O Parque Linear, a Pra\u00e7a General Carneiro e o Cal\u00e7ad\u00e3o do Centro Hist\u00f3rico ser\u00e3o \u201cinvadidos\u201d pelas esculturas do dia 13 a 23 de Junho.</p>\r\n<h2 style=\"text-align: justify; \">SHOWS</h2>\r\n<h3 style=\"text-align: justify; \">Quinta, dia 13</h3>\r\n<p style=\"text-align: justify; \">Reconhecido internacionalmente, o cantor e compositor Michel Tel\u00f3 abre a programa\u00e7\u00e3o. Autor de grandes hits de sucesso, Tel\u00f3 \u00e9 presen\u00e7a constante em programas de televis\u00e3o e um dos principais nomes do sertanejo nacional.</p>\r\n<h3 style=\"text-align: justify; \">Sexta, dia 14</h3>\r\n<p style=\"text-align: justify; \">Com mais de 20 anos de estrada, o Inimigos da HP \u00e9 um dos grupos pioneiros no estilo pagode universit\u00e1rio. Pela primeira vez na Lapa, prometem embalar a noite de sexta.</p>\r\n<h3 style=\"text-align: justify; \">S\u00e1bado, dia 15</h3>\r\n<p style=\"text-align: justify; \">Tch\u00ea Garotos \u00e9 refer\u00eancia no mercado musical. Sua discografia acumula 18 CDs e 3 DVDs, considerados pioneiros no estilo, mesclando tradicionalismo com sucessos dan\u00e7antes e rom\u00e2nticos.</p>\r\n<h3 style=\"text-align: justify; \">Domingo, dia 16</h3>\r\n<p style=\"text-align: justify; \">Um dos principais nomes da m\u00fasica nativista, Joca Martins acumula em sua carreira v\u00e1rios pr\u00eamios, discos de ouro, dezenas de CDs lan\u00e7ados, todos com a caracter\u00edstica da autenticidade.</p>\r\n<p style=\"text-align: justify; \">\u00a0</p>", "author_name": "", "version": "1.0", "author_url": "https://www.lapa.pr.leg.br/author/adm", "provider_name": "C\u00e2mara Municipal da Lapa", "type": "rich"}